{"id":1266,"date":"2023-03-01T03:25:28","date_gmt":"2023-03-01T03:25:28","guid":{"rendered":"https:\/\/www.ambamali-jp.org\/eng\/?p=1266"},"modified":"2023-03-01T03:25:29","modified_gmt":"2023-03-01T03:25:29","slug":"avis-n001-amjt-2023-relatif-au-lancement-de-loperation-speciale-de-mise-a-jour-des-donnees-biometriques","status":"publish","type":"post","link":"https:\/\/www.ambamali-jp.org\/eng\/avis-n001-amjt-2023-relatif-au-lancement-de-loperation-speciale-de-mise-a-jour-des-donnees-biometriques\/","title":{"rendered":"AVIS N\u00b0001\/AMJT\/2023, relatif au lancement de l\u2019op\u00e9ration sp\u00e9ciale de mise \u00e0 jour des donn\u00e9es biom\u00e9triques"},"content":{"rendered":"\n<p>Mesdames, Messieurs,<\/p>\n\n\n\n<p>Veuillez trouver ci-dessous, l\u2019Avis N\u00b0001\/AMJT\/2023, informant la Communaut\u00e9 Malienne de la juridiction de l\u2019Ambassade de la R\u00e9publique du Mali \u00e0 Tokyo du lancement de l\u2019op\u00e9ration sp\u00e9ciale de mise \u00e0 jour des donn\u00e9es biom\u00e9triques, dans le cadre du processus de la production de la carte nationale d\u2019identit\u00e9 biom\u00e9trique s\u00e9curis\u00e9e :<\/p>\n\n\n\n<div class=\"wp-block-file\"><object class=\"wp-block-file__embed\" data=\"https:\/\/www.ambamali-jp.org\/eng\/wp-content\/uploads\/2023\/03\/Avis-001.AMJT_.2023-Lancement-operation-speciale-mise-a-jour-donnees-biometriques.pdf\" type=\"application\/pdf\" style=\"width:100%;height:600px\" aria-label=\"Embed of Avis-001.AMJT_.2023-Lancement-operation-speciale-mise-a-jour-donnees-biometriques.\"><\/object><a href=\"https:\/\/www.ambamali-jp.org\/eng\/wp-content\/uploads\/2023\/03\/Avis-001.AMJT_.2023-Lancement-operation-speciale-mise-a-jour-donnees-biometriques.pdf\">Avis-001.AMJT_.2023-Lancement-operation-speciale-mise-a-jour-donnees-biometriques<\/a><a href=\"https:\/\/www.ambamali-jp.org\/eng\/wp-content\/uploads\/2023\/03\/Avis-001.AMJT_.2023-Lancement-operation-speciale-mise-a-jour-donnees-biometriques.pdf\" class=\"wp-block-file__button\" download>Download<\/a><\/div>\n","protected":false},"excerpt":{"rendered":"<p>Mesdames, Messieurs, Veuillez trouver ci-dessous, l\u2019Avis N\u00b0001\/AMJT\/2023, informant la Communaut\u00e9 Malienne de la juridiction de l\u2019Ambassade de la R\u00e9publique du Mali \u00e0 Tokyo du lancement de l\u2019op\u00e9ration sp\u00e9ciale de mise \u00e0 jour des donn\u00e9es biom\u00e9triques, dans le cadre du processus de la production de la carte nationale d\u2019identit\u00e9 biom\u00e9trique s\u00e9curis\u00e9e [&hellip;]<\/p>\n","protected":false},"author":1,"featured_media":0,"comment_status":"open","ping_status":"open","sticky":false,"template":"","format":"standard","meta":[],"categories":[5],"tags":[],"_links":{"self":[{"href":"https:\/\/www.ambamali-jp.org\/eng\/wp-json\/wp\/v2\/posts\/1266"}],"collection":[{"href":"https:\/\/www.ambamali-jp.org\/eng\/wp-json\/wp\/v2\/posts"}],"about":[{"href":"https:\/\/www.ambamali-jp.org\/eng\/wp-json\/wp\/v2\/types\/post"}],"author":[{"embeddable":true,"href":"https:\/\/www.ambamali-jp.org\/eng\/wp-json\/wp\/v2\/users\/1"}],"replies":[{"embeddable":true,"href":"https:\/\/www.ambamali-jp.org\/eng\/wp-json\/wp\/v2\/comments?post=1266"}],"version-history":[{"count":1,"href":"https:\/\/www.ambamali-jp.org\/eng\/wp-json\/wp\/v2\/posts\/1266\/revisions"}],"predecessor-version":[{"id":1268,"href":"https:\/\/www.ambamali-jp.org\/eng\/wp-json\/wp\/v2\/posts\/1266\/revisions\/1268"}],"wp:attachment":[{"href":"https:\/\/www.ambamali-jp.org\/eng\/wp-json\/wp\/v2\/media?parent=1266"}],"wp:term":[{"taxonomy":"category","embeddable":true,"href":"https:\/\/www.ambamali-jp.org\/eng\/wp-json\/wp\/v2\/categories?post=1266"},{"taxonomy":"post_tag","embeddable":true,"href":"https:\/\/www.ambamali-jp.org\/eng\/wp-json\/wp\/v2\/tags?post=1266"}],"curies":[{"name":"wp","href":"https:\/\/api.w.org\/{rel}","templated":true}]}}